{"id":4493,"date":"2024-03-15T08:54:25","date_gmt":"2024-03-15T08:54:25","guid":{"rendered":"https:\/\/fondacijasnd.rs\/paths-of-serbian-beauty-concert\/"},"modified":"2024-06-06T12:17:54","modified_gmt":"2024-06-06T12:17:54","slug":"paths-of-serbian-beauty-concert","status":"publish","type":"post","link":"https:\/\/fondacijasnd.rs\/en\/paths-of-serbian-beauty-concert\/","title":{"rendered":"Concert \u201cAlong the Roads of Serbian beauty\u201d"},"content":{"rendered":"<p>It was our great pleasure to support the concert \u201cAlong the Roads of Serbian beauty\u201d because this event in Kru\u0161evac was a true example of the Serbian talent, best-quality music and culture at an exceptional level.<\/p>\n<p>On the stage of the beautiful theatre, the guests enjoyed the performance of Serbian artists Ljubica Vrane\u0161, Dragoljub Baji\u0107 and Vesna \u0110urkovi\u0107, who performed some of the famous opera arias, film themes and hits, with an emphasis on Serbian songs and authors.<\/p>\n<p>Our goal was to present a gift to this beautiful region of our country, with the centre in Kru\u0161evac, in the form of a lovely evening of which we can all be proud, and to remind of our nation\u2019s rich and valuable cultural and music heritage.<\/p>\n<div id='gallery-1' class='gallery galleryid-4493 gallery-columns-3 gallery-size-full'><figure class='gallery-item'>\n\t\t\t<div class='gallery-icon landscape'>\n\t\t\t\t<a href='https:\/\/fondacijasnd.rs\/wp-content\/uploads\/2024\/05\/DVLN4893-copy-scaled.webp'><img fetchpriority=\"high\" decoding=\"async\" width=\"2560\" height=\"1707\" src=\"https:\/\/fondacijasnd.rs\/wp-content\/uploads\/2024\/05\/DVLN4893-copy-scaled.webp\" class=\"attachment-full size-full\" alt=\"\" srcset=\"https:\/\/fondacijasnd.rs\/wp-content\/uploads\/2024\/05\/DVLN4893-copy-scaled.webp 2560w, https:\/\/fondacijasnd.rs\/wp-content\/uploads\/2024\/05\/DVLN4893-copy-300x200.webp 300w, https:\/\/fondacijasnd.rs\/wp-content\/uploads\/2024\/05\/DVLN4893-copy-1024x683.webp 1024w, https:\/\/fondacijasnd.rs\/wp-content\/uploads\/2024\/05\/DVLN4893-copy-768x512.webp 768w, https:\/\/fondacijasnd.rs\/wp-content\/uploads\/2024\/05\/DVLN4893-copy-1536x1024.webp 1536w, https:\/\/fondacijasnd.rs\/wp-content\/uploads\/2024\/05\/DVLN4893-copy-2048x1365.webp 2048w\" sizes=\"(max-width: 2560px) 100vw, 2560px\" title=\"\"><\/a>\n\t\t\t<\/div><\/figure><figure class='gallery-item'>\n\t\t\t<div class='gallery-icon landscape'>\n\t\t\t\t<a href='https:\/\/fondacijasnd.rs\/wp-content\/uploads\/2024\/05\/DVLN4822-copy-scaled.webp'><img decoding=\"async\" width=\"2560\" height=\"1707\" src=\"https:\/\/fondacijasnd.rs\/wp-content\/uploads\/2024\/05\/DVLN4822-copy-scaled.webp\" class=\"attachment-full size-full\" alt=\"\" srcset=\"https:\/\/fondacijasnd.rs\/wp-content\/uploads\/2024\/05\/DVLN4822-copy-scaled.webp 2560w, https:\/\/fondacijasnd.rs\/wp-content\/uploads\/2024\/05\/DVLN4822-copy-300x200.webp 300w, https:\/\/fondacijasnd.rs\/wp-content\/uploads\/2024\/05\/DVLN4822-copy-1024x683.webp 1024w, https:\/\/fondacijasnd.rs\/wp-content\/uploads\/2024\/05\/DVLN4822-copy-768x512.webp 768w, https:\/\/fondacijasnd.rs\/wp-content\/uploads\/2024\/05\/DVLN4822-copy-1536x1024.webp 1536w, https:\/\/fondacijasnd.rs\/wp-content\/uploads\/2024\/05\/DVLN4822-copy-2048x1365.webp 2048w\" sizes=\"(max-width: 2560px) 100vw, 2560px\" title=\"\"><\/a>\n\t\t\t<\/div><\/figure><figure class='gallery-item'>\n\t\t\t<div class='gallery-icon landscape'>\n\t\t\t\t<a href='https:\/\/fondacijasnd.rs\/wp-content\/uploads\/2024\/05\/DVLN4605-copy-scaled.webp'><img decoding=\"async\" width=\"2560\" height=\"1707\" src=\"https:\/\/fondacijasnd.rs\/wp-content\/uploads\/2024\/05\/DVLN4605-copy-scaled.webp\" class=\"attachment-full size-full\" alt=\"\" srcset=\"https:\/\/fondacijasnd.rs\/wp-content\/uploads\/2024\/05\/DVLN4605-copy-scaled.webp 2560w, https:\/\/fondacijasnd.rs\/wp-content\/uploads\/2024\/05\/DVLN4605-copy-300x200.webp 300w, https:\/\/fondacijasnd.rs\/wp-content\/uploads\/2024\/05\/DVLN4605-copy-1024x683.webp 1024w, https:\/\/fondacijasnd.rs\/wp-content\/uploads\/2024\/05\/DVLN4605-copy-768x512.webp 768w, https:\/\/fondacijasnd.rs\/wp-content\/uploads\/2024\/05\/DVLN4605-copy-1536x1024.webp 1536w, https:\/\/fondacijasnd.rs\/wp-content\/uploads\/2024\/05\/DVLN4605-copy-2048x1365.webp 2048w\" sizes=\"(max-width: 2560px) 100vw, 2560px\" title=\"\"><\/a>\n\t\t\t<\/div><\/figure><figure class='gallery-item'>\n\t\t\t<div class='gallery-icon landscape'>\n\t\t\t\t<a href='https:\/\/fondacijasnd.rs\/wp-content\/uploads\/2024\/05\/DVLN4539-copy-scaled.webp'><img loading=\"lazy\" decoding=\"async\" width=\"2560\" height=\"1707\" src=\"https:\/\/fondacijasnd.rs\/wp-content\/uploads\/2024\/05\/DVLN4539-copy-scaled.webp\" class=\"attachment-full size-full\" alt=\"Fondacija za srpski narod i drzavu\" srcset=\"https:\/\/fondacijasnd.rs\/wp-content\/uploads\/2024\/05\/DVLN4539-copy-scaled.webp 2560w, https:\/\/fondacijasnd.rs\/wp-content\/uploads\/2024\/05\/DVLN4539-copy-300x200.webp 300w, https:\/\/fondacijasnd.rs\/wp-content\/uploads\/2024\/05\/DVLN4539-copy-1024x683.webp 1024w, https:\/\/fondacijasnd.rs\/wp-content\/uploads\/2024\/05\/DVLN4539-copy-768x512.webp 768w, https:\/\/fondacijasnd.rs\/wp-content\/uploads\/2024\/05\/DVLN4539-copy-1536x1024.webp 1536w, https:\/\/fondacijasnd.rs\/wp-content\/uploads\/2024\/05\/DVLN4539-copy-2048x1365.webp 2048w\" sizes=\"(max-width: 2560px) 100vw, 2560px\" title=\"\"><\/a>\n\t\t\t<\/div><\/figure><figure class='gallery-item'>\n\t\t\t<div class='gallery-icon landscape'>\n\t\t\t\t<a href='https:\/\/fondacijasnd.rs\/wp-content\/uploads\/2024\/05\/DVLN4472-copy-scaled.webp'><img loading=\"lazy\" decoding=\"async\" width=\"2560\" height=\"1707\" src=\"https:\/\/fondacijasnd.rs\/wp-content\/uploads\/2024\/05\/DVLN4472-copy-scaled.webp\" class=\"attachment-full size-full\" alt=\"\" srcset=\"https:\/\/fondacijasnd.rs\/wp-content\/uploads\/2024\/05\/DVLN4472-copy-scaled.webp 2560w, https:\/\/fondacijasnd.rs\/wp-content\/uploads\/2024\/05\/DVLN4472-copy-300x200.webp 300w, https:\/\/fondacijasnd.rs\/wp-content\/uploads\/2024\/05\/DVLN4472-copy-1024x683.webp 1024w, https:\/\/fondacijasnd.rs\/wp-content\/uploads\/2024\/05\/DVLN4472-copy-768x512.webp 768w, https:\/\/fondacijasnd.rs\/wp-content\/uploads\/2024\/05\/DVLN4472-copy-1536x1024.webp 1536w, https:\/\/fondacijasnd.rs\/wp-content\/uploads\/2024\/05\/DVLN4472-copy-2048x1365.webp 2048w\" sizes=\"(max-width: 2560px) 100vw, 2560px\" title=\"\"><\/a>\n\t\t\t<\/div><\/figure><figure class='gallery-item'>\n\t\t\t<div class='gallery-icon landscape'>\n\t\t\t\t<a href='https:\/\/fondacijasnd.rs\/wp-content\/uploads\/2024\/05\/DVLN4444-copy-scaled.webp'><img loading=\"lazy\" decoding=\"async\" width=\"2560\" height=\"1707\" src=\"https:\/\/fondacijasnd.rs\/wp-content\/uploads\/2024\/05\/DVLN4444-copy-scaled.webp\" class=\"attachment-full size-full\" alt=\"\" srcset=\"https:\/\/fondacijasnd.rs\/wp-content\/uploads\/2024\/05\/DVLN4444-copy-scaled.webp 2560w, https:\/\/fondacijasnd.rs\/wp-content\/uploads\/2024\/05\/DVLN4444-copy-300x200.webp 300w, https:\/\/fondacijasnd.rs\/wp-content\/uploads\/2024\/05\/DVLN4444-copy-1024x683.webp 1024w, https:\/\/fondacijasnd.rs\/wp-content\/uploads\/2024\/05\/DVLN4444-copy-768x512.webp 768w, https:\/\/fondacijasnd.rs\/wp-content\/uploads\/2024\/05\/DVLN4444-copy-1536x1024.webp 1536w, https:\/\/fondacijasnd.rs\/wp-content\/uploads\/2024\/05\/DVLN4444-copy-2048x1365.webp 2048w\" sizes=\"(max-width: 2560px) 100vw, 2560px\" title=\"\"><\/a>\n\t\t\t<\/div><\/figure><figure class='gallery-item'>\n\t\t\t<div class='gallery-icon portrait'>\n\t\t\t\t<a href='https:\/\/fondacijasnd.rs\/wp-content\/uploads\/2024\/05\/DVLN4714-copy-scaled.webp'><img loading=\"lazy\" decoding=\"async\" width=\"1707\" height=\"2560\" src=\"https:\/\/fondacijasnd.rs\/wp-content\/uploads\/2024\/05\/DVLN4714-copy-scaled.webp\" class=\"attachment-full size-full\" alt=\"\" srcset=\"https:\/\/fondacijasnd.rs\/wp-content\/uploads\/2024\/05\/DVLN4714-copy-scaled.webp 1707w, https:\/\/fondacijasnd.rs\/wp-content\/uploads\/2024\/05\/DVLN4714-copy-200x300.webp 200w, https:\/\/fondacijasnd.rs\/wp-content\/uploads\/2024\/05\/DVLN4714-copy-683x1024.webp 683w, https:\/\/fondacijasnd.rs\/wp-content\/uploads\/2024\/05\/DVLN4714-copy-768x1152.webp 768w, https:\/\/fondacijasnd.rs\/wp-content\/uploads\/2024\/05\/DVLN4714-copy-1024x1536.webp 1024w, https:\/\/fondacijasnd.rs\/wp-content\/uploads\/2024\/05\/DVLN4714-copy-1365x2048.webp 1365w\" sizes=\"(max-width: 1707px) 100vw, 1707px\" title=\"\"><\/a>\n\t\t\t<\/div><\/figure>\n\t\t<\/div>\n\n","protected":false},"excerpt":{"rendered":"<p>It was our great pleasure to support the concert \u201cAlong the Roads of Serbian beauty\u201d because this event in Kru\u0161evac was a true example of the Serbian talent, best-quality music and culture at an exceptional level. On the stage of the beautiful theatre, the guests enjoyed the performance of Serbian artists Ljubica Vrane\u0161, Dragoljub Baji\u0107 [&hellip;]<\/p>\n","protected":false},"author":1,"featured_media":4402,"comment_status":"closed","ping_status":"closed","sticky":false,"template":"","format":"standard","meta":{"_acf_changed":false,"footnotes":""},"categories":[30],"tags":[],"class_list":["post-4493","post","type-post","status-publish","format-standard","has-post-thumbnail","hentry","category-events"],"acf":[],"_links":{"self":[{"href":"https:\/\/fondacijasnd.rs\/en\/wp-json\/wp\/v2\/posts\/4493","targetHints":{"allow":["GET"]}}],"collection":[{"href":"https:\/\/fondacijasnd.rs\/en\/wp-json\/wp\/v2\/posts"}],"about":[{"href":"https:\/\/fondacijasnd.rs\/en\/wp-json\/wp\/v2\/types\/post"}],"author":[{"embeddable":true,"href":"https:\/\/fondacijasnd.rs\/en\/wp-json\/wp\/v2\/users\/1"}],"replies":[{"embeddable":true,"href":"https:\/\/fondacijasnd.rs\/en\/wp-json\/wp\/v2\/comments?post=4493"}],"version-history":[{"count":0,"href":"https:\/\/fondacijasnd.rs\/en\/wp-json\/wp\/v2\/posts\/4493\/revisions"}],"wp:featuredmedia":[{"embeddable":true,"href":"https:\/\/fondacijasnd.rs\/en\/wp-json\/wp\/v2\/media\/4402"}],"wp:attachment":[{"href":"https:\/\/fondacijasnd.rs\/en\/wp-json\/wp\/v2\/media?parent=4493"}],"wp:term":[{"taxonomy":"category","embeddable":true,"href":"https:\/\/fondacijasnd.rs\/en\/wp-json\/wp\/v2\/categories?post=4493"},{"taxonomy":"post_tag","embeddable":true,"href":"https:\/\/fondacijasnd.rs\/en\/wp-json\/wp\/v2\/tags?post=4493"}],"curies":[{"name":"wp","href":"https:\/\/api.w.org\/{rel}","templated":true}]}}