{"id":10498,"date":"2026-07-27T08:11:58","date_gmt":"2026-07-27T08:11:58","guid":{"rendered":"https:\/\/fondacijasnd.rs\/muzikom-i-umetnoscu-obelezen-dan-rodjenja-stanislava-binickog-u-jasici\/"},"modified":"2026-09-01T11:52:28","modified_gmt":"2026-09-01T11:52:28","slug":"stanislav-binickis-birthday-marked-with-music-and-art-in-jasika","status":"publish","type":"post","link":"https:\/\/fondacijasnd.rs\/en\/stanislav-binickis-birthday-marked-with-music-and-art-in-jasika\/","title":{"rendered":"Stanislav Bini\u010dki&#8217;s Birthday Marked with Music and Art in Jasika"},"content":{"rendered":"<p><span style=\"font-family: Times New Roman, serif;\">The traditional cultural event <b>\u201cStanislav Bini\u010dki Days\u201d<\/b>, dedicated to the life and work of one of Serbia\u2019s most distinguished composers, officially concluded last night, 27 July, in Jasika, on the anniversary of Stanislav Bini\u010dki\u2019s birth.<\/span><\/p>\n<p><span style=\"font-family: Times New Roman, serif;\">The 23rd edition of the event was organised by the Jasika Local Community, the Kru\u0161evac Cultural Centre, the \u201cStanislav Bini\u010dki\u201d Primary School, and the \u201cStanislav Bini\u010dki\u201d Cultural and Artistic Society, under the patronage of the City of Kru\u0161evac and with the support of the <b>Foundation \u201cFor the Serbian People and State\u201d<\/b>, which has supported the event for the third consecutive year.<\/span><\/p>\n<p><span style=\"font-family: Times New Roman, serif;\">Held from 24 to 27 July, the event brought together painters from various parts of Serbia. Inspired by Stanislav Bini\u010dki\u2019s birthplace and heritage, both adults and children created works of art as a unique tribute to the life and creative legacy of the great composer. An exhibition featuring the works produced during the event was officially opened as part of the closing ceremony.<\/span><\/p>\n<p><span style=\"font-family: Times New Roman, serif;\">Following the exhibition in the churchyard in Jasika, the programme continued in the courtyard of the \u201cStanislav Bini\u010dki\u201d Primary School, where flowers were laid at the composer\u2019s memorial bust as a mark of respect for his immeasurable contribution to Serbian musical culture.<\/span><\/p>\n<p><span style=\"font-family: Times New Roman, serif;\">The ceremonial evening was further enriched by a concert performed by the Chamber Orchestra of the Ministry of Defence Art Ensemble <b>\u201cStanislav Bini\u010dki\u201d<\/b>, which proudly bears the composer\u2019s name, bringing this year\u2019s programme to a fitting close. The orchestra performed works by Johann Sebastian Bach and Wolfgang Amadeus Mozart, while part of the programme was also dedicated to compositions by Miroljub Aran\u0111elovi\u0107 Rasinski, a native of Kru\u0161evac.<\/span><\/p>\n<p><span style=\"font-family: Times New Roman, serif;\">By supporting this event for the third consecutive year, the <b>Foundation \u201cFor the Serbian People and State\u201d<\/b> reaffirms its commitment to preserving Serbia\u2019s national cultural heritage, keeping alive the memory of the great figures of Serbian art, and supporting initiatives that contribute to the preservation of cultural identity.<\/span><\/p>\n<p><span style=\"font-family: Times New Roman, serif;\">The Foundation will continue to support projects that promote Serbian culture, tradition, and historical heritage in the period ahead.<\/span><\/p>\n<div id='gallery-1' class='gallery galleryid-10498 gallery-columns-3 gallery-size-large'><figure class='gallery-item'>\n\t\t\t<div class='gallery-icon landscape'>\n\t\t\t\t<a href='https:\/\/fondacijasnd.rs\/wp-content\/uploads\/2026\/08\/VLA_7972.jpg'><img title=\"Stanislav Bini\u010dki&#8217;s Birthday Marked with Music and Art in Jasika 1\" fetchpriority=\"high\" decoding=\"async\" width=\"800\" height=\"534\" src=\"https:\/\/fondacijasnd.rs\/wp-content\/uploads\/2026\/08\/VLA_7972-1024x683.jpg\" class=\"attachment-large size-large\" alt=\"izlozba\" srcset=\"https:\/\/fondacijasnd.rs\/wp-content\/uploads\/2026\/08\/VLA_7972-1024x683.jpg 1024w, https:\/\/fondacijasnd.rs\/wp-content\/uploads\/2026\/08\/VLA_7972-300x200.jpg 300w, https:\/\/fondacijasnd.rs\/wp-content\/uploads\/2026\/08\/VLA_7972-768x512.jpg 768w, https:\/\/fondacijasnd.rs\/wp-content\/uploads\/2026\/08\/VLA_7972-1536x1024.jpg 1536w, https:\/\/fondacijasnd.rs\/wp-content\/uploads\/2026\/08\/VLA_7972-2048x1365.jpg 2048w\" sizes=\"(max-width: 800px) 100vw, 800px\" \/><\/a>\n\t\t\t<\/div><\/figure><figure class='gallery-item'>\n\t\t\t<div class='gallery-icon landscape'>\n\t\t\t\t<a href='https:\/\/fondacijasnd.rs\/wp-content\/uploads\/2026\/08\/VLA_7973.jpg'><img title=\"Stanislav Bini\u010dki&#8217;s Birthday Marked with Music and Art in Jasika 2\" decoding=\"async\" width=\"800\" height=\"534\" src=\"https:\/\/fondacijasnd.rs\/wp-content\/uploads\/2026\/08\/VLA_7973-1024x683.jpg\" class=\"attachment-large size-large\" alt=\"izlozba\" srcset=\"https:\/\/fondacijasnd.rs\/wp-content\/uploads\/2026\/08\/VLA_7973-1024x683.jpg 1024w, https:\/\/fondacijasnd.rs\/wp-content\/uploads\/2026\/08\/VLA_7973-300x200.jpg 300w, https:\/\/fondacijasnd.rs\/wp-content\/uploads\/2026\/08\/VLA_7973-768x512.jpg 768w, https:\/\/fondacijasnd.rs\/wp-content\/uploads\/2026\/08\/VLA_7973-1536x1024.jpg 1536w, https:\/\/fondacijasnd.rs\/wp-content\/uploads\/2026\/08\/VLA_7973-2048x1365.jpg 2048w\" sizes=\"(max-width: 800px) 100vw, 800px\" \/><\/a>\n\t\t\t<\/div><\/figure><figure class='gallery-item'>\n\t\t\t<div class='gallery-icon landscape'>\n\t\t\t\t<a href='https:\/\/fondacijasnd.rs\/wp-content\/uploads\/2026\/08\/VLA_7975.jpg'><img title=\"Stanislav Bini\u010dki&#8217;s Birthday Marked with Music and Art in Jasika 3\" decoding=\"async\" width=\"800\" height=\"534\" src=\"https:\/\/fondacijasnd.rs\/wp-content\/uploads\/2026\/08\/VLA_7975-1024x683.jpg\" class=\"attachment-large size-large\" alt=\"fondacija\" srcset=\"https:\/\/fondacijasnd.rs\/wp-content\/uploads\/2026\/08\/VLA_7975-1024x683.jpg 1024w, https:\/\/fondacijasnd.rs\/wp-content\/uploads\/2026\/08\/VLA_7975-300x200.jpg 300w, https:\/\/fondacijasnd.rs\/wp-content\/uploads\/2026\/08\/VLA_7975-768x512.jpg 768w, https:\/\/fondacijasnd.rs\/wp-content\/uploads\/2026\/08\/VLA_7975-1536x1024.jpg 1536w, https:\/\/fondacijasnd.rs\/wp-content\/uploads\/2026\/08\/VLA_7975-2048x1365.jpg 2048w\" sizes=\"(max-width: 800px) 100vw, 800px\" \/><\/a>\n\t\t\t<\/div><\/figure><figure class='gallery-item'>\n\t\t\t<div class='gallery-icon landscape'>\n\t\t\t\t<a href='https:\/\/fondacijasnd.rs\/wp-content\/uploads\/2026\/08\/VLA_7987.jpg'><img title=\"Stanislav Bini\u010dki&#8217;s Birthday Marked with Music and Art in Jasika 4\" loading=\"lazy\" decoding=\"async\" width=\"800\" height=\"534\" src=\"https:\/\/fondacijasnd.rs\/wp-content\/uploads\/2026\/08\/VLA_7987-1024x683.jpg\" class=\"attachment-large size-large\" alt=\"fondacija\" srcset=\"https:\/\/fondacijasnd.rs\/wp-content\/uploads\/2026\/08\/VLA_7987-1024x683.jpg 1024w, https:\/\/fondacijasnd.rs\/wp-content\/uploads\/2026\/08\/VLA_7987-300x200.jpg 300w, https:\/\/fondacijasnd.rs\/wp-content\/uploads\/2026\/08\/VLA_7987-768x512.jpg 768w, https:\/\/fondacijasnd.rs\/wp-content\/uploads\/2026\/08\/VLA_7987-1536x1024.jpg 1536w, https:\/\/fondacijasnd.rs\/wp-content\/uploads\/2026\/08\/VLA_7987-2048x1365.jpg 2048w\" sizes=\"(max-width: 800px) 100vw, 800px\" \/><\/a>\n\t\t\t<\/div><\/figure><figure class='gallery-item'>\n\t\t\t<div class='gallery-icon landscape'>\n\t\t\t\t<a href='https:\/\/fondacijasnd.rs\/wp-content\/uploads\/2026\/08\/VLA_7996.jpg'><img title=\"Stanislav Bini\u010dki&#8217;s Birthday Marked with Music and Art in Jasika 5\" loading=\"lazy\" decoding=\"async\" width=\"800\" height=\"534\" src=\"https:\/\/fondacijasnd.rs\/wp-content\/uploads\/2026\/08\/VLA_7996-1024x683.jpg\" class=\"attachment-large size-large\" alt=\"izlozba\" srcset=\"https:\/\/fondacijasnd.rs\/wp-content\/uploads\/2026\/08\/VLA_7996-1024x683.jpg 1024w, https:\/\/fondacijasnd.rs\/wp-content\/uploads\/2026\/08\/VLA_7996-300x200.jpg 300w, https:\/\/fondacijasnd.rs\/wp-content\/uploads\/2026\/08\/VLA_7996-768x512.jpg 768w, https:\/\/fondacijasnd.rs\/wp-content\/uploads\/2026\/08\/VLA_7996-1536x1024.jpg 1536w, https:\/\/fondacijasnd.rs\/wp-content\/uploads\/2026\/08\/VLA_7996-2048x1365.jpg 2048w\" sizes=\"(max-width: 800px) 100vw, 800px\" \/><\/a>\n\t\t\t<\/div><\/figure><figure class='gallery-item'>\n\t\t\t<div class='gallery-icon landscape'>\n\t\t\t\t<a href='https:\/\/fondacijasnd.rs\/wp-content\/uploads\/2026\/08\/VLA_7998.jpg'><img title=\"Stanislav Bini\u010dki&#8217;s Birthday Marked with Music and Art in Jasika 6\" loading=\"lazy\" decoding=\"async\" width=\"800\" height=\"534\" src=\"https:\/\/fondacijasnd.rs\/wp-content\/uploads\/2026\/08\/VLA_7998-1024x683.jpg\" class=\"attachment-large size-large\" alt=\"fondacija\" srcset=\"https:\/\/fondacijasnd.rs\/wp-content\/uploads\/2026\/08\/VLA_7998-1024x683.jpg 1024w, https:\/\/fondacijasnd.rs\/wp-content\/uploads\/2026\/08\/VLA_7998-300x200.jpg 300w, https:\/\/fondacijasnd.rs\/wp-content\/uploads\/2026\/08\/VLA_7998-768x512.jpg 768w, https:\/\/fondacijasnd.rs\/wp-content\/uploads\/2026\/08\/VLA_7998-1536x1024.jpg 1536w, https:\/\/fondacijasnd.rs\/wp-content\/uploads\/2026\/08\/VLA_7998-2048x1365.jpg 2048w\" sizes=\"(max-width: 800px) 100vw, 800px\" \/><\/a>\n\t\t\t<\/div><\/figure><figure class='gallery-item'>\n\t\t\t<div class='gallery-icon landscape'>\n\t\t\t\t<a href='https:\/\/fondacijasnd.rs\/wp-content\/uploads\/2026\/08\/VLA_8005.jpg'><img title=\"Stanislav Bini\u010dki&#8217;s Birthday Marked with Music and Art in Jasika 7\" loading=\"lazy\" decoding=\"async\" width=\"800\" height=\"534\" src=\"https:\/\/fondacijasnd.rs\/wp-content\/uploads\/2026\/08\/VLA_8005-1024x683.jpg\" class=\"attachment-large size-large\" alt=\"fondacija\" srcset=\"https:\/\/fondacijasnd.rs\/wp-content\/uploads\/2026\/08\/VLA_8005-1024x683.jpg 1024w, https:\/\/fondacijasnd.rs\/wp-content\/uploads\/2026\/08\/VLA_8005-300x200.jpg 300w, https:\/\/fondacijasnd.rs\/wp-content\/uploads\/2026\/08\/VLA_8005-768x512.jpg 768w, https:\/\/fondacijasnd.rs\/wp-content\/uploads\/2026\/08\/VLA_8005-1536x1024.jpg 1536w, https:\/\/fondacijasnd.rs\/wp-content\/uploads\/2026\/08\/VLA_8005-2048x1365.jpg 2048w\" sizes=\"(max-width: 800px) 100vw, 800px\" \/><\/a>\n\t\t\t<\/div><\/figure><figure class='gallery-item'>\n\t\t\t<div class='gallery-icon landscape'>\n\t\t\t\t<a href='https:\/\/fondacijasnd.rs\/wp-content\/uploads\/2026\/08\/VLA_8027.jpg'><img title=\"Stanislav Bini\u010dki&#8217;s Birthday Marked with Music and Art in Jasika 8\" loading=\"lazy\" decoding=\"async\" width=\"800\" height=\"534\" src=\"https:\/\/fondacijasnd.rs\/wp-content\/uploads\/2026\/08\/VLA_8027-1024x683.jpg\" class=\"attachment-large size-large\" alt=\"fondacija\" srcset=\"https:\/\/fondacijasnd.rs\/wp-content\/uploads\/2026\/08\/VLA_8027-1024x683.jpg 1024w, https:\/\/fondacijasnd.rs\/wp-content\/uploads\/2026\/08\/VLA_8027-300x200.jpg 300w, https:\/\/fondacijasnd.rs\/wp-content\/uploads\/2026\/08\/VLA_8027-768x512.jpg 768w, https:\/\/fondacijasnd.rs\/wp-content\/uploads\/2026\/08\/VLA_8027-1536x1024.jpg 1536w, https:\/\/fondacijasnd.rs\/wp-content\/uploads\/2026\/08\/VLA_8027-2048x1365.jpg 2048w\" sizes=\"(max-width: 800px) 100vw, 800px\" \/><\/a>\n\t\t\t<\/div><\/figure><figure class='gallery-item'>\n\t\t\t<div class='gallery-icon landscape'>\n\t\t\t\t<a href='https:\/\/fondacijasnd.rs\/wp-content\/uploads\/2026\/08\/VLA_8043.jpg'><img title=\"Stanislav Bini\u010dki&#8217;s Birthday Marked with Music and Art in Jasika 9\" loading=\"lazy\" decoding=\"async\" width=\"800\" height=\"534\" src=\"https:\/\/fondacijasnd.rs\/wp-content\/uploads\/2026\/08\/VLA_8043-1024x683.jpg\" class=\"attachment-large size-large\" alt=\"fondacija\" srcset=\"https:\/\/fondacijasnd.rs\/wp-content\/uploads\/2026\/08\/VLA_8043-1024x683.jpg 1024w, https:\/\/fondacijasnd.rs\/wp-content\/uploads\/2026\/08\/VLA_8043-300x200.jpg 300w, https:\/\/fondacijasnd.rs\/wp-content\/uploads\/2026\/08\/VLA_8043-768x512.jpg 768w, https:\/\/fondacijasnd.rs\/wp-content\/uploads\/2026\/08\/VLA_8043-1536x1024.jpg 1536w, https:\/\/fondacijasnd.rs\/wp-content\/uploads\/2026\/08\/VLA_8043-2048x1365.jpg 2048w\" sizes=\"(max-width: 800px) 100vw, 800px\" \/><\/a>\n\t\t\t<\/div><\/figure><figure class='gallery-item'>\n\t\t\t<div class='gallery-icon landscape'>\n\t\t\t\t<a href='https:\/\/fondacijasnd.rs\/wp-content\/uploads\/2026\/08\/VLA_8071.jpg'><img title=\"Stanislav Bini\u010dki&#8217;s Birthday Marked with Music and Art in Jasika 10\" loading=\"lazy\" decoding=\"async\" width=\"800\" height=\"534\" src=\"https:\/\/fondacijasnd.rs\/wp-content\/uploads\/2026\/08\/VLA_8071-1024x683.jpg\" class=\"attachment-large size-large\" alt=\"fondacija\" srcset=\"https:\/\/fondacijasnd.rs\/wp-content\/uploads\/2026\/08\/VLA_8071-1024x683.jpg 1024w, https:\/\/fondacijasnd.rs\/wp-content\/uploads\/2026\/08\/VLA_8071-300x200.jpg 300w, https:\/\/fondacijasnd.rs\/wp-content\/uploads\/2026\/08\/VLA_8071-768x512.jpg 768w, https:\/\/fondacijasnd.rs\/wp-content\/uploads\/2026\/08\/VLA_8071-1536x1024.jpg 1536w, https:\/\/fondacijasnd.rs\/wp-content\/uploads\/2026\/08\/VLA_8071-2048x1365.jpg 2048w\" sizes=\"(max-width: 800px) 100vw, 800px\" \/><\/a>\n\t\t\t<\/div><\/figure><figure class='gallery-item'>\n\t\t\t<div class='gallery-icon landscape'>\n\t\t\t\t<a href='https:\/\/fondacijasnd.rs\/wp-content\/uploads\/2026\/08\/VLA_8088.jpg'><img title=\"Stanislav Bini\u010dki&#8217;s Birthday Marked with Music and Art in Jasika 11\" loading=\"lazy\" decoding=\"async\" width=\"800\" height=\"534\" src=\"https:\/\/fondacijasnd.rs\/wp-content\/uploads\/2026\/08\/VLA_8088-1024x683.jpg\" class=\"attachment-large size-large\" alt=\"koncert\" srcset=\"https:\/\/fondacijasnd.rs\/wp-content\/uploads\/2026\/08\/VLA_8088-1024x683.jpg 1024w, https:\/\/fondacijasnd.rs\/wp-content\/uploads\/2026\/08\/VLA_8088-300x200.jpg 300w, https:\/\/fondacijasnd.rs\/wp-content\/uploads\/2026\/08\/VLA_8088-768x512.jpg 768w, https:\/\/fondacijasnd.rs\/wp-content\/uploads\/2026\/08\/VLA_8088-1536x1024.jpg 1536w, https:\/\/fondacijasnd.rs\/wp-content\/uploads\/2026\/08\/VLA_8088-2048x1365.jpg 2048w\" sizes=\"(max-width: 800px) 100vw, 800px\" \/><\/a>\n\t\t\t<\/div><\/figure><figure class='gallery-item'>\n\t\t\t<div class='gallery-icon landscape'>\n\t\t\t\t<a href='https:\/\/fondacijasnd.rs\/wp-content\/uploads\/2026\/08\/VLA_8097.jpg'><img title=\"Stanislav Bini\u010dki&#8217;s Birthday Marked with Music and Art in Jasika 12\" loading=\"lazy\" decoding=\"async\" width=\"800\" height=\"534\" src=\"https:\/\/fondacijasnd.rs\/wp-content\/uploads\/2026\/08\/VLA_8097-1024x683.jpg\" class=\"attachment-large size-large\" alt=\"koncert\" srcset=\"https:\/\/fondacijasnd.rs\/wp-content\/uploads\/2026\/08\/VLA_8097-1024x683.jpg 1024w, https:\/\/fondacijasnd.rs\/wp-content\/uploads\/2026\/08\/VLA_8097-300x200.jpg 300w, https:\/\/fondacijasnd.rs\/wp-content\/uploads\/2026\/08\/VLA_8097-768x512.jpg 768w, https:\/\/fondacijasnd.rs\/wp-content\/uploads\/2026\/08\/VLA_8097-1536x1024.jpg 1536w, https:\/\/fondacijasnd.rs\/wp-content\/uploads\/2026\/08\/VLA_8097-2048x1365.jpg 2048w\" sizes=\"(max-width: 800px) 100vw, 800px\" \/><\/a>\n\t\t\t<\/div><\/figure><figure class='gallery-item'>\n\t\t\t<div class='gallery-icon landscape'>\n\t\t\t\t<a href='https:\/\/fondacijasnd.rs\/wp-content\/uploads\/2026\/08\/VLA_8127.jpg'><img title=\"Stanislav Bini\u010dki&#8217;s Birthday Marked with Music and Art in Jasika 13\" loading=\"lazy\" decoding=\"async\" width=\"800\" height=\"534\" src=\"https:\/\/fondacijasnd.rs\/wp-content\/uploads\/2026\/08\/VLA_8127-1024x683.jpg\" class=\"attachment-large size-large\" alt=\"koncert\" srcset=\"https:\/\/fondacijasnd.rs\/wp-content\/uploads\/2026\/08\/VLA_8127-1024x683.jpg 1024w, https:\/\/fondacijasnd.rs\/wp-content\/uploads\/2026\/08\/VLA_8127-300x200.jpg 300w, https:\/\/fondacijasnd.rs\/wp-content\/uploads\/2026\/08\/VLA_8127-768x512.jpg 768w, https:\/\/fondacijasnd.rs\/wp-content\/uploads\/2026\/08\/VLA_8127-1536x1024.jpg 1536w, https:\/\/fondacijasnd.rs\/wp-content\/uploads\/2026\/08\/VLA_8127-2048x1365.jpg 2048w\" sizes=\"(max-width: 800px) 100vw, 800px\" \/><\/a>\n\t\t\t<\/div><\/figure><figure class='gallery-item'>\n\t\t\t<div class='gallery-icon landscape'>\n\t\t\t\t<a href='https:\/\/fondacijasnd.rs\/wp-content\/uploads\/2026\/08\/VLA_8140.jpg'><img title=\"Stanislav Bini\u010dki&#8217;s Birthday Marked with Music and Art in Jasika 14\" loading=\"lazy\" decoding=\"async\" width=\"800\" height=\"534\" src=\"https:\/\/fondacijasnd.rs\/wp-content\/uploads\/2026\/08\/VLA_8140-1024x683.jpg\" class=\"attachment-large size-large\" alt=\"fondacija\" srcset=\"https:\/\/fondacijasnd.rs\/wp-content\/uploads\/2026\/08\/VLA_8140-1024x683.jpg 1024w, https:\/\/fondacijasnd.rs\/wp-content\/uploads\/2026\/08\/VLA_8140-300x200.jpg 300w, https:\/\/fondacijasnd.rs\/wp-content\/uploads\/2026\/08\/VLA_8140-768x512.jpg 768w, https:\/\/fondacijasnd.rs\/wp-content\/uploads\/2026\/08\/VLA_8140-1536x1024.jpg 1536w, https:\/\/fondacijasnd.rs\/wp-content\/uploads\/2026\/08\/VLA_8140-2048x1365.jpg 2048w\" sizes=\"(max-width: 800px) 100vw, 800px\" \/><\/a>\n\t\t\t<\/div><\/figure>\n\t\t<\/div>\n\n","protected":false},"excerpt":{"rendered":"<p>The traditional cultural event \u201cStanislav Bini\u010dki Days\u201d, dedicated to the life and work of one of Serbia\u2019s most distinguished composers, officially concluded last night, 27 July, in Jasika, on the anniversary of Stanislav Bini\u010dki\u2019s birth. The 23rd edition of the event was organised by the Jasika Local Community, the Kru\u0161evac Cultural Centre, the \u201cStanislav Bini\u010dki\u201d [&hellip;]<\/p>\n","protected":false},"author":4,"featured_media":10450,"comment_status":"closed","ping_status":"closed","sticky":false,"template":"","format":"standard","meta":{"_acf_changed":false,"_thinkrank_schema_form_data":"","_thinkrank_selected_schema_type":"","_thinkrank_additional_schemas":"","_thinkrank_canonical_url":"","_thinkrank_og_title":"","_thinkrank_og_description":"","_thinkrank_og_image":"","_thinkrank_twitter_title":"","_thinkrank_twitter_description":"","_thinkrank_twitter_image":"","_thinkrank_imported_from":"","_thinkrank_focus_keywords":["najbolji esej"],"_thinkrank_focus_keyword":"najbolji esej","_thinkrank_robots_meta_enabled":0,"_thinkrank_robots_meta":"[]","_thinkrank_advanced_robots_meta":"[]","_thinkrank_primary_category":0,"footnotes":""},"categories":[30,37],"tags":[],"class_list":["post-10498","post","type-post","status-publish","format-standard","has-post-thumbnail","hentry","category-events","category-news"],"acf":[],"_links":{"self":[{"href":"https:\/\/fondacijasnd.rs\/en\/wp-json\/wp\/v2\/posts\/10498","targetHints":{"allow":["GET"]}}],"collection":[{"href":"https:\/\/fondacijasnd.rs\/en\/wp-json\/wp\/v2\/posts"}],"about":[{"href":"https:\/\/fondacijasnd.rs\/en\/wp-json\/wp\/v2\/types\/post"}],"author":[{"embeddable":true,"href":"https:\/\/fondacijasnd.rs\/en\/wp-json\/wp\/v2\/users\/4"}],"replies":[{"embeddable":true,"href":"https:\/\/fondacijasnd.rs\/en\/wp-json\/wp\/v2\/comments?post=10498"}],"version-history":[{"count":4,"href":"https:\/\/fondacijasnd.rs\/en\/wp-json\/wp\/v2\/posts\/10498\/revisions"}],"predecessor-version":[{"id":10502,"href":"https:\/\/fondacijasnd.rs\/en\/wp-json\/wp\/v2\/posts\/10498\/revisions\/10502"}],"wp:featuredmedia":[{"embeddable":true,"href":"https:\/\/fondacijasnd.rs\/en\/wp-json\/wp\/v2\/media\/10450"}],"wp:attachment":[{"href":"https:\/\/fondacijasnd.rs\/en\/wp-json\/wp\/v2\/media?parent=10498"}],"wp:term":[{"taxonomy":"category","embeddable":true,"href":"https:\/\/fondacijasnd.rs\/en\/wp-json\/wp\/v2\/categories?post=10498"},{"taxonomy":"post_tag","embeddable":true,"href":"https:\/\/fondacijasnd.rs\/en\/wp-json\/wp\/v2\/tags?post=10498"}],"curies":[{"name":"wp","href":"https:\/\/api.w.org\/{rel}","templated":true}]}}